{"id":2454,"date":"2022-12-07T14:27:06","date_gmt":"2022-12-07T13:27:06","guid":{"rendered":"https:\/\/feuerwehr-westercelle.de\/?p=2454"},"modified":"2022-12-07T14:28:05","modified_gmt":"2022-12-07T13:28:05","slug":"bundesweiter-warntag-am-08-12","status":"publish","type":"post","link":"https:\/\/feuerwehr-westercelle.de\/?p=2454","title":{"rendered":"Bundesweiter Warntag am 08.12."},"content":{"rendered":"<p>Morgen findet in Deutschland der bundesweite* Warntag statt. Hierbei werden durch die zust\u00e4ndigen Beh\u00f6rden die unterschiedlichen Einrichtungen zur Warnung der Bev\u00f6lkerung getestet. Start ist um 11 Uhr. Die Entwarnung soll um 11:15 Uhr erfolgen.<\/p>\n<p>Weitere interessante Informationen zum Warntag findet ihr im Video des Nieders\u00e4chsisches Landesamt f\u00fcr Brand- und Katastrophenschutz \u2013 NLBK.<\/p>\n<p>Eine Information des Landkreis Celle zur Durchf\u00fchrung in unserem Landkreis findet ihr unter:<\/p>\n<p><a href=\"https:\/\/www.landkreis-celle.de\/Kurzmen%C3%BC\/Startseite\/Landkreis-nimmt-an-Warntag-teil.php?object=tx,3314.5&#038;ModID=7&#038;FID=3314.16420.1\" rel=\"noopener\" target=\"_blank\">landkreis-celle.de<\/a><\/p>\n<div style=\"width: 1080px;\" class=\"wp-video\"><video class=\"wp-video-shortcode\" id=\"video-2454-1\" width=\"1080\" height=\"608\" preload=\"metadata\" controls=\"controls\"><source type=\"video\/mp4\" src=\"https:\/\/feuerwehr-westercelle.de\/wp-content\/uploads\/2022\/12\/00_Warntag638768e44bc5f.mp4?_=1\" \/><a href=\"https:\/\/feuerwehr-westercelle.de\/wp-content\/uploads\/2022\/12\/00_Warntag638768e44bc5f.mp4\">https:\/\/feuerwehr-westercelle.de\/wp-content\/uploads\/2022\/12\/00_Warntag638768e44bc5f.mp4<\/a><\/video><\/div>\n<p>*inwieweit sich Kreise und Kommunen beteiligen entnehmen Sie bitte den \u00f6rtlichen Ver\u00f6ffentlichungen. Informationen zum Landkreis Celle finden Sie im Text.<\/p>\n","protected":false},"excerpt":{"rendered":"<p>Morgen findet in Deutschland der bundesweite* Warntag statt. Hierbei werden durch die zust\u00e4ndigen Beh\u00f6rden die unterschiedlichen Einrichtungen zur Warnung der Bev\u00f6lkerung getestet. Start ist um 11 Uhr. Die Entwarnung soll um 11:15 Uhr erfolgen. Weitere interessante Informationen zum Warntag findet ihr im Video des Nieders\u00e4chsisches Landesamt f\u00fcr Brand- und Katastrophenschutz \u2013 NLBK. Eine Information des [&hellip;]<\/p>\n","protected":false},"author":1,"featured_media":2455,"comment_status":"closed","ping_status":"closed","sticky":false,"template":"","format":"standard","meta":{"_et_pb_use_builder":"","_et_pb_old_content":"","_et_gb_content_width":"","_monsterinsights_skip_tracking":false,"_monsterinsights_sitenote_active":false,"_monsterinsights_sitenote_note":"","_monsterinsights_sitenote_category":0,"footnotes":""},"categories":[1,15,29],"tags":[],"class_list":["post-2454","post","type-post","status-publish","format-standard","has-post-thumbnail","hentry","category-allgemein","category-bilder","category-extra"],"publishpress_future_action":{"enabled":false,"date":"2026-05-08 08:06:07","action":"change-status","newStatus":"draft","terms":[],"taxonomy":"category","extraData":[]},"publishpress_future_workflow_manual_trigger":{"enabledWorkflows":[]},"_links":{"self":[{"href":"https:\/\/feuerwehr-westercelle.de\/index.php?rest_route=\/wp\/v2\/posts\/2454","targetHints":{"allow":["GET"]}}],"collection":[{"href":"https:\/\/feuerwehr-westercelle.de\/index.php?rest_route=\/wp\/v2\/posts"}],"about":[{"href":"https:\/\/feuerwehr-westercelle.de\/index.php?rest_route=\/wp\/v2\/types\/post"}],"author":[{"embeddable":true,"href":"https:\/\/feuerwehr-westercelle.de\/index.php?rest_route=\/wp\/v2\/users\/1"}],"replies":[{"embeddable":true,"href":"https:\/\/feuerwehr-westercelle.de\/index.php?rest_route=%2Fwp%2Fv2%2Fcomments&post=2454"}],"version-history":[{"count":2,"href":"https:\/\/feuerwehr-westercelle.de\/index.php?rest_route=\/wp\/v2\/posts\/2454\/revisions"}],"predecessor-version":[{"id":2458,"href":"https:\/\/feuerwehr-westercelle.de\/index.php?rest_route=\/wp\/v2\/posts\/2454\/revisions\/2458"}],"wp:featuredmedia":[{"embeddable":true,"href":"https:\/\/feuerwehr-westercelle.de\/index.php?rest_route=\/wp\/v2\/media\/2455"}],"wp:attachment":[{"href":"https:\/\/feuerwehr-westercelle.de\/index.php?rest_route=%2Fwp%2Fv2%2Fmedia&parent=2454"}],"wp:term":[{"taxonomy":"category","embeddable":true,"href":"https:\/\/feuerwehr-westercelle.de\/index.php?rest_route=%2Fwp%2Fv2%2Fcategories&post=2454"},{"taxonomy":"post_tag","embeddable":true,"href":"https:\/\/feuerwehr-westercelle.de\/index.php?rest_route=%2Fwp%2Fv2%2Ftags&post=2454"}],"curies":[{"name":"wp","href":"https:\/\/api.w.org\/{rel}","templated":true}]}}